{"id":1763,"date":"2025-05-15T09:40:31","date_gmt":"2025-05-15T09:40:31","guid":{"rendered":"https:\/\/alberguevallada.com\/?p=1763"},"modified":"2025-05-15T09:53:14","modified_gmt":"2025-05-15T09:53:14","slug":"where-is-the-enguera-mountain-range","status":"publish","type":"post","link":"https:\/\/alberguevallada.com\/en\/news\/where-is-the-enguera-mountain-range\/","title":{"rendered":"Where is the Sierra de Enguera?"},"content":{"rendered":"<div data-elementor-type=\"wp-post\" data-elementor-id=\"1763\" class=\"elementor elementor-1763\" data-elementor-post-type=\"post\">\n\t\t\t\t<div class=\"elementor-element elementor-element-9398dda e-flex e-con-boxed e-con e-parent\" data-id=\"9398dda\" data-element_type=\"container\" data-e-type=\"container\">\n\t\t\t\t\t<div class=\"e-con-inner\">\n\t\t\t\t<div class=\"elementor-element elementor-element-0b5d113 elementor-widget elementor-widget-text-editor\" data-id=\"0b5d113\" data-element_type=\"widget\" data-e-type=\"widget\" data-widget_type=\"text-editor.default\">\n\t\t\t\t<div class=\"elementor-widget-container\">\n\t\t\t\t\t\t\t\t\t<p class=\"\" data-start=\"39\" data-end=\"413\">The <strong><a href=\"https:\/\/alberguevallada.com\/en\/enguera-mountain-range\/\">Enguera mountain range<\/a><\/strong> It is a mountain range located in the Canal de Navarr\u00e9s region, in the south of the province of Valencia. It forms part of the Preb\u00e9tico region and rises between the municipalities of Enguera, Anna, and \u00c9nguera, creating a mid-altitude landscape (between 600 and 900 m) full of Aleppo pine forests, karst formations, and natural viewpoints.<\/p><h2 class=\"\" data-start=\"420\" data-end=\"443\"><br \/><strong>Geographic location<\/strong><\/h2><p class=\"\" data-start=\"445\" data-end=\"594\">The Enguera mountain range extends from northwest to southeast, visually connecting with other smaller mountain ranges such as Cortes de Pall\u00e1s and Mariola.<\/p><ul data-start=\"596\" data-end=\"796\"><li class=\"\" data-start=\"596\" data-end=\"647\"><p class=\"\" data-start=\"598\" data-end=\"647\"><strong data-start=\"598\" data-end=\"626\">Approximate coordinates: <a href=\"https:\/\/www.google.es\/maps\/place\/Sierra+de+Enguera\/@38.9444597,-0.9697437,15z\/data=!3m1!4b1!4m6!3m5!1s0xd6140e1a1b562e9:0x2afb83b44d0f763e!8m2!3d38.944444!4d-0.959444!16s%2Fm%2F0gjclqt?entry=ttu&amp;g_ep=EgoyMDI1MDUxMi4wIKXMDSoASAFQAw%3D%3D\">38.9444597 N, \u20130.9697437 W<\/a><\/strong><\/p><\/li><li class=\"\" data-start=\"648\" data-end=\"694\"><p class=\"\" data-start=\"650\" data-end=\"694\"><strong data-start=\"650\" data-end=\"668\">Maximum height:<\/strong> Morr\u00f3n Peak (907 m)<\/p><\/li><li class=\"\" data-start=\"695\" data-end=\"796\"><p class=\"\" data-start=\"697\" data-end=\"726\"><strong data-start=\"697\" data-end=\"724\">Neighboring municipalities:<\/strong><\/p><ul data-start=\"729\" data-end=\"796\"><li class=\"\" data-start=\"729\" data-end=\"756\"><p class=\"\" data-start=\"731\" data-end=\"756\">Enguera (north and west)<\/p><\/li><li class=\"\" data-start=\"759\" data-end=\"775\"><p class=\"\" data-start=\"761\" data-end=\"775\">Anna (west)<\/p><\/li><li class=\"\" data-start=\"778\" data-end=\"796\"><p class=\"\" data-start=\"780\" data-end=\"796\">\u00c9nguera (east)<\/p><\/li><\/ul><\/li><\/ul><p class=\"\" data-start=\"798\" data-end=\"928\">Its strategic position allows you to see the Sellent River valley and the heights of the Sierra de la Calderona from its peaks.<\/p><h2 class=\"\" data-start=\"935\" data-end=\"949\"><br \/><strong>How to get there<\/strong><\/h2><h3 class=\"\" data-start=\"951\" data-end=\"974\"><strong>From Valencia<\/strong><\/h3><ol data-start=\"976\" data-end=\"1273\"><li class=\"\" data-start=\"976\" data-end=\"1022\"><p class=\"\" data-start=\"979\" data-end=\"1022\">Take the A-7 highway towards Alicante.<\/p><\/li><li class=\"\" data-start=\"1023\" data-end=\"1069\"><p class=\"\" data-start=\"1026\" data-end=\"1069\">Take exit 445 towards Enguera\/Anna.<\/p><\/li><li class=\"\" data-start=\"1070\" data-end=\"1167\"><p class=\"\" data-start=\"1073\" data-end=\"1167\">Follow the CV-580 until you reach Enguera and, from there, take the CV-581 that ascends to the massif.<\/p><\/li><li class=\"\" data-start=\"1168\" data-end=\"1273\"><p class=\"\" data-start=\"1171\" data-end=\"1273\">The paved road leads to the Umbr\u00eda recreational area, the starting point for many trails.<\/p><\/li><\/ol><p class=\"\" data-start=\"1275\" data-end=\"1314\"><strong data-start=\"1275\" data-end=\"1295\">Estimated time:<\/strong> 1 h 15 min (60 km)<\/p><h3 class=\"\" data-start=\"1316\" data-end=\"1365\"><strong>From the Las Ermitas de Vallada Hostel<\/strong><\/h3><ol data-start=\"1367\" data-end=\"1543\"><li class=\"\" data-start=\"1367\" data-end=\"1426\"><p class=\"\" data-start=\"1370\" data-end=\"1426\">Leave the hostel towards Vallada on the CV-528.<\/p><\/li><li class=\"\" data-start=\"1427\" data-end=\"1470\"><p class=\"\" data-start=\"1430\" data-end=\"1470\">Join the CV-580 towards Enguera.<\/p><\/li><li class=\"\" data-start=\"1471\" data-end=\"1543\"><p class=\"\" data-start=\"1474\" data-end=\"1543\">Continue as on the route from Valencia, ascending along the CV-581.<\/p><\/li><\/ol><p class=\"\" data-start=\"1545\" data-end=\"1582\"><strong data-start=\"1545\" data-end=\"1565\">Estimated time:<\/strong> 45 min (40 km)<\/p><blockquote data-start=\"1583\" data-end=\"1689\"><p class=\"\" data-start=\"1585\" data-end=\"1689\"><em data-start=\"1585\" data-end=\"1689\">Ideal for combining a stay at the hostel with a half-day excursion to the Sierra de Enguera.<\/em><\/p><\/blockquote><h2 class=\"\" data-start=\"1696\" data-end=\"1717\"><br \/><strong>Relief and geology<\/strong><\/h2><p class=\"\" data-start=\"1719\" data-end=\"1901\">The mountain range features rugged terrain resulting from karst formation in limestone rocks. Sinkholes, small caves, and cliffs are notable, providing refuge for birds of prey.<\/p><h3 class=\"\" data-start=\"1903\" data-end=\"1934\"><strong>Featured formations<\/strong><\/h3><ul data-start=\"1936\" data-end=\"2208\"><li class=\"\" data-start=\"1936\" data-end=\"2010\"><p class=\"\" data-start=\"1938\" data-end=\"2010\"><strong data-start=\"1938\" data-end=\"1952\">The Morr\u00f3n:<\/strong> Highest point, easy access via a well-marked path.<\/p><\/li><li class=\"\" data-start=\"2011\" data-end=\"2112\"><p class=\"\" data-start=\"2013\" data-end=\"2112\"><strong data-start=\"2013\" data-end=\"2042\">Cut of Los Almadenes:<\/strong> Vertical cliff with good visibility of the Sellent basin.<\/p><\/li><li class=\"\" data-start=\"2113\" data-end=\"2208\"><p class=\"\" data-start=\"2115\" data-end=\"2208\"><strong data-start=\"2115\" data-end=\"2135\">Angel&#039;s Cave:<\/strong> Caving cave of interest; helmet and headlamp required.<\/p><\/li><\/ul><h3 class=\"\" data-start=\"2210\" data-end=\"2233\"><strong>Soils and vegetation<\/strong><\/h3><ul data-start=\"2235\" data-end=\"2454\"><li class=\"\" data-start=\"2235\" data-end=\"2316\"><p class=\"\" data-start=\"2237\" data-end=\"2316\">Thin soils, with a predominance of Mediterranean scrub (thyme, lavender).<\/p><\/li><li class=\"\" data-start=\"2317\" data-end=\"2371\"><p class=\"\" data-start=\"2319\" data-end=\"2371\">Aleppo pine forests at intermediate altitudes.<\/p><\/li><li class=\"\" data-start=\"2372\" data-end=\"2454\"><p class=\"\" data-start=\"2374\" data-end=\"2454\">In ravines and valleys, carob trees and oak trees provide ecological diversity.<\/p><\/li><\/ul><h2 class=\"\" data-start=\"2461\" data-end=\"2492\"><br \/><strong>Representative fauna and flora<\/strong><\/h2><p class=\"\" data-start=\"2494\" data-end=\"2607\">More than 200 species of plants and dozens of birds and mammals have been recorded in this protected natural area.<\/p><ul data-start=\"2609\" data-end=\"2872\"><li class=\"\" data-start=\"2609\" data-end=\"2749\"><p class=\"\" data-start=\"2611\" data-end=\"2636\"><strong data-start=\"2611\" data-end=\"2634\">Plant species:<\/strong><\/p><ul data-start=\"2639\" data-end=\"2749\"><li class=\"\" data-start=\"2639\" data-end=\"2668\"><p class=\"\" data-start=\"2641\" data-end=\"2668\">Thyme (Thymus vulgaris)<\/p><\/li><li class=\"\" data-start=\"2671\" data-end=\"2709\"><p class=\"\" data-start=\"2673\" data-end=\"2709\">Creeping juniper (Juniperus sabina)<\/p><\/li><li class=\"\" data-start=\"2712\" data-end=\"2749\"><p class=\"\" data-start=\"2714\" data-end=\"2749\">Wild orchids in spring<\/p><\/li><\/ul><\/li><li class=\"\" data-start=\"2751\" data-end=\"2872\"><p class=\"\" data-start=\"2753\" data-end=\"2772\"><strong data-start=\"2753\" data-end=\"2770\">Typical fauna:<\/strong><\/p><ul data-start=\"2775\" data-end=\"2872\"><li class=\"\" data-start=\"2775\" data-end=\"2813\"><p class=\"\" data-start=\"2777\" data-end=\"2813\">Bonelli&#039;s Eagle (Pernis apivorus)<\/p><\/li><li class=\"\" data-start=\"2816\" data-end=\"2846\"><p class=\"\" data-start=\"2818\" data-end=\"2846\">Red fox (Vulpes vulpes)<\/p><\/li><li class=\"\" data-start=\"2849\" data-end=\"2872\"><p class=\"\" data-start=\"2851\" data-end=\"2872\">Wild boar (Sus scrofa)<\/p><\/li><\/ul><\/li><\/ul><p class=\"\" data-start=\"2874\" data-end=\"2983\">For school groups, it&#039;s an excellent outdoor classroom where they can learn about Mediterranean ecosystems.<\/p><h2 class=\"\" data-start=\"2990\" data-end=\"3025\"><br \/><strong>Recommended routes and activities<\/strong><\/h2><h3 class=\"\" data-start=\"3027\" data-end=\"3059\"><strong>Route to Pico del Morr\u00f3n<\/strong><\/h3><ul data-start=\"3061\" data-end=\"3184\"><li class=\"\" data-start=\"3061\" data-end=\"3097\"><p class=\"\" data-start=\"3063\" data-end=\"3097\"><strong data-start=\"3063\" data-end=\"3077\">Distance:<\/strong> 6 km round trip<\/p><\/li><li class=\"\" data-start=\"3098\" data-end=\"3121\"><p class=\"\" data-start=\"3100\" data-end=\"3121\"><strong data-start=\"3100\" data-end=\"3113\">Slope:<\/strong> 350 m<\/p><\/li><li class=\"\" data-start=\"3122\" data-end=\"3157\"><p class=\"\" data-start=\"3124\" data-end=\"3157\"><strong data-start=\"3124\" data-end=\"3137\">Duration:<\/strong> 3\u20134 h with stops<\/p><\/li><li class=\"\" data-start=\"3158\" data-end=\"3184\"><p class=\"\" data-start=\"3160\" data-end=\"3184\"><strong data-start=\"3160\" data-end=\"3175\">Difficulty:<\/strong> Moderate<\/p><\/li><\/ul><p class=\"\" data-start=\"3186\" data-end=\"3341\"><strong data-start=\"3186\" data-end=\"3202\">Description:<\/strong> A marked trail that starts at the Umbr\u00eda recreational area, passes through groves, and reaches the Mirador del Morr\u00f3n before reaching the summit.<\/p><h3 class=\"\" data-start=\"3343\" data-end=\"3376\"><strong>Carboneras Itinerary<\/strong><\/h3><ul data-start=\"3378\" data-end=\"3550\"><li class=\"\" data-start=\"3378\" data-end=\"3410\"><p class=\"\" data-start=\"3380\" data-end=\"3410\"><strong data-start=\"3380\" data-end=\"3394\">Distance:<\/strong> 4 km circular<\/p><\/li><li class=\"\" data-start=\"3411\" data-end=\"3482\"><p class=\"\" data-start=\"3413\" data-end=\"3482\"><strong data-start=\"3413\" data-end=\"3435\">Points of interest:<\/strong> old coal shed, snow pits and natural pools<\/p><\/li><li class=\"\" data-start=\"3483\" data-end=\"3550\"><p class=\"\" data-start=\"3485\" data-end=\"3550\"><strong data-start=\"3485\" data-end=\"3500\">Ideal for:<\/strong> half-day family and school excursions<\/p><\/li><\/ul><p class=\"\" data-start=\"3552\" data-end=\"3683\">On any route, it&#039;s a good idea to carry plenty of water, wear appropriate footwear, and obey all signs to minimize environmental impact.<\/p><h2 class=\"\" data-start=\"5683\" data-end=\"5735\">\u00a0<\/h2><h2 data-start=\"0\" data-end=\"40\">Connection with the Las Ermitas Hostel<\/h2><p class=\"\" data-start=\"42\" data-end=\"688\">He <strong><a href=\"https:\/\/alberguevallada.com\/en\">Las Ermitas de Vallada Hostel<\/a><\/strong>Located at the foot of the Sierra de Enguera, this hostel is the ideal choice for those planning to explore its trails. From here, you can travel by local road to the different starting points in less than 45 minutes. After a day in the mountains, you&#039;ll find shared rooms with bunk beds, spacious common areas for group gatherings, and a <strong><a href=\"https:\/\/alberguevallada.com\/en\/restaurant\/\">restaurant<\/a><\/strong> Here you can enjoy a balanced menu prepared with local produce. You&#039;ll also have outdoor spaces\u2014such as patios and porches\u2014perfect for reviewing maps, sharing your impressions of the day, and organizing new activities.<\/p>\t\t\t\t\t\t\t\t<\/div>\n\t\t\t\t<\/div>\n\t\t\t\t\t<\/div>\n\t\t\t\t<\/div>\n\t\t\t\t<\/div>","protected":false},"excerpt":{"rendered":"<p>La Sierra de Enguera es un macizo monta\u00f1oso situado en la comarca de la Canal de Navarr\u00e9s, al sur de la provincia de Valencia. Forma parte del sistema Preb\u00e9tico y se alza entre los t\u00e9rminos municipales de Enguera, Anna y \u00c9nguera, configurando un paisaje de mediana altitud (entre 600 y 900 m) repleto de bosques [&hellip;]<\/p>\n","protected":false},"author":2,"featured_media":1765,"comment_status":"closed","ping_status":"closed","sticky":false,"template":"","format":"standard","meta":{"footnotes":""},"categories":[9],"tags":[],"class_list":["post-1763","post","type-post","status-publish","format-standard","has-post-thumbnail","hentry","category-blog"],"yoast_head":"<!-- This site is optimized with the Yoast SEO plugin v25.1 - https:\/\/yoast.com\/wordpress\/plugins\/seo\/ -->\n<title>\u00bfD\u00f3nde est\u00e1 la Sierra de Enguera? - Las Ermitas de Vallada<\/title>\n<meta name=\"description\" content=\"Descubre la ubicaci\u00f3n exacta de la Sierra de Enguera, rutas desde Vallada y consejos para planificar tu excursi\u00f3n con el Albergue Las Ermitas.\" \/>\n<meta name=\"robots\" content=\"index, follow, max-snippet:-1, max-image-preview:large, max-video-preview:-1\" \/>\n<link rel=\"canonical\" href=\"https:\/\/alberguevallada.com\/en\/news\/where-is-the-enguera-mountain-range\/\" \/>\n<meta property=\"og:locale\" content=\"en_GB\" \/>\n<meta property=\"og:type\" content=\"article\" \/>\n<meta property=\"og:title\" content=\"\u00bfD\u00f3nde est\u00e1 la Sierra de Enguera? - Las Ermitas de Vallada\" \/>\n<meta property=\"og:description\" content=\"Descubre la ubicaci\u00f3n exacta de la Sierra de Enguera, rutas desde Vallada y consejos para planificar tu excursi\u00f3n con el Albergue Las Ermitas.\" \/>\n<meta property=\"og:url\" content=\"https:\/\/alberguevallada.com\/en\/news\/where-is-the-enguera-mountain-range\/\" \/>\n<meta property=\"og:site_name\" content=\"Albergue Las Ermitas de Vallada\" \/>\n<meta property=\"article:published_time\" content=\"2025-05-15T09:40:31+00:00\" \/>\n<meta property=\"article:modified_time\" content=\"2025-05-15T09:53:14+00:00\" \/>\n<meta property=\"og:image\" content=\"https:\/\/alberguevallada.com\/wp-content\/uploads\/2025\/05\/sierra-de-enguera.jpg\" \/>\n\t<meta property=\"og:image:width\" content=\"1820\" \/>\n\t<meta property=\"og:image:height\" content=\"600\" \/>\n\t<meta property=\"og:image:type\" content=\"image\/jpeg\" \/>\n<meta name=\"author\" content=\"La fabrica del SEO\" \/>\n<meta name=\"twitter:card\" content=\"summary_large_image\" \/>\n<meta name=\"twitter:label1\" content=\"Written by\" \/>\n\t<meta name=\"twitter:data1\" content=\"La fabrica del SEO\" \/>\n\t<meta name=\"twitter:label2\" content=\"Estimated reading time\" \/>\n\t<meta name=\"twitter:data2\" content=\"3 minutes\" \/>\n<script type=\"application\/ld+json\" class=\"yoast-schema-graph\">{\"@context\":\"https:\/\/schema.org\",\"@graph\":[{\"@type\":\"Article\",\"@id\":\"https:\/\/alberguevallada.com\/noticias\/donde-esta-la-sierra-de-enguera\/#article\",\"isPartOf\":{\"@id\":\"https:\/\/alberguevallada.com\/noticias\/donde-esta-la-sierra-de-enguera\/\"},\"author\":{\"name\":\"La fabrica del SEO\",\"@id\":\"https:\/\/alberguevallada.com\/#\/schema\/person\/d841eb843851c84263f92510160e3182\"},\"headline\":\"\u00bfD\u00f3nde est\u00e1 la Sierra de Enguera?\",\"datePublished\":\"2025-05-15T09:40:31+00:00\",\"dateModified\":\"2025-05-15T09:53:14+00:00\",\"mainEntityOfPage\":{\"@id\":\"https:\/\/alberguevallada.com\/noticias\/donde-esta-la-sierra-de-enguera\/\"},\"wordCount\":675,\"publisher\":{\"@id\":\"https:\/\/alberguevallada.com\/#organization\"},\"image\":{\"@id\":\"https:\/\/alberguevallada.com\/noticias\/donde-esta-la-sierra-de-enguera\/#primaryimage\"},\"thumbnailUrl\":\"https:\/\/alberguevallada.com\/wp-content\/uploads\/2025\/05\/sierra-de-enguera.jpg\",\"articleSection\":[\"Blog\"],\"inLanguage\":\"en-GB\"},{\"@type\":\"WebPage\",\"@id\":\"https:\/\/alberguevallada.com\/noticias\/donde-esta-la-sierra-de-enguera\/\",\"url\":\"https:\/\/alberguevallada.com\/noticias\/donde-esta-la-sierra-de-enguera\/\",\"name\":\"\u00bfD\u00f3nde est\u00e1 la Sierra de Enguera? - Las Ermitas de Vallada\",\"isPartOf\":{\"@id\":\"https:\/\/alberguevallada.com\/#website\"},\"primaryImageOfPage\":{\"@id\":\"https:\/\/alberguevallada.com\/noticias\/donde-esta-la-sierra-de-enguera\/#primaryimage\"},\"image\":{\"@id\":\"https:\/\/alberguevallada.com\/noticias\/donde-esta-la-sierra-de-enguera\/#primaryimage\"},\"thumbnailUrl\":\"https:\/\/alberguevallada.com\/wp-content\/uploads\/2025\/05\/sierra-de-enguera.jpg\",\"datePublished\":\"2025-05-15T09:40:31+00:00\",\"dateModified\":\"2025-05-15T09:53:14+00:00\",\"description\":\"Descubre la ubicaci\u00f3n exacta de la Sierra de Enguera, rutas desde Vallada y consejos para planificar tu excursi\u00f3n con el Albergue Las Ermitas.\",\"breadcrumb\":{\"@id\":\"https:\/\/alberguevallada.com\/noticias\/donde-esta-la-sierra-de-enguera\/#breadcrumb\"},\"inLanguage\":\"en-GB\",\"potentialAction\":[{\"@type\":\"ReadAction\",\"target\":[\"https:\/\/alberguevallada.com\/noticias\/donde-esta-la-sierra-de-enguera\/\"]}]},{\"@type\":\"ImageObject\",\"inLanguage\":\"en-GB\",\"@id\":\"https:\/\/alberguevallada.com\/noticias\/donde-esta-la-sierra-de-enguera\/#primaryimage\",\"url\":\"https:\/\/alberguevallada.com\/wp-content\/uploads\/2025\/05\/sierra-de-enguera.jpg\",\"contentUrl\":\"https:\/\/alberguevallada.com\/wp-content\/uploads\/2025\/05\/sierra-de-enguera.jpg\",\"width\":1820,\"height\":600,\"caption\":\"sierra de enguera\"},{\"@type\":\"BreadcrumbList\",\"@id\":\"https:\/\/alberguevallada.com\/noticias\/donde-esta-la-sierra-de-enguera\/#breadcrumb\",\"itemListElement\":[{\"@type\":\"ListItem\",\"position\":1,\"name\":\"Portada\",\"item\":\"https:\/\/alberguevallada.com\/\"},{\"@type\":\"ListItem\",\"position\":2,\"name\":\"\u00bfD\u00f3nde est\u00e1 la Sierra de Enguera?\"}]},{\"@type\":\"WebSite\",\"@id\":\"https:\/\/alberguevallada.com\/#website\",\"url\":\"https:\/\/alberguevallada.com\/\",\"name\":\"Albergue Las Ermitas de Vallada\",\"description\":\"Naturaleza, deporte y buena comida\",\"publisher\":{\"@id\":\"https:\/\/alberguevallada.com\/#organization\"},\"potentialAction\":[{\"@type\":\"SearchAction\",\"target\":{\"@type\":\"EntryPoint\",\"urlTemplate\":\"https:\/\/alberguevallada.com\/?s={search_term_string}\"},\"query-input\":{\"@type\":\"PropertyValueSpecification\",\"valueRequired\":true,\"valueName\":\"search_term_string\"}}],\"inLanguage\":\"en-GB\"},{\"@type\":\"Organization\",\"@id\":\"https:\/\/alberguevallada.com\/#organization\",\"name\":\"Albergue Las Ermitas de Vallada\",\"url\":\"https:\/\/alberguevallada.com\/\",\"logo\":{\"@type\":\"ImageObject\",\"inLanguage\":\"en-GB\",\"@id\":\"https:\/\/alberguevallada.com\/#\/schema\/logo\/image\/\",\"url\":\"https:\/\/alberguevallada.com\/wp-content\/uploads\/2023\/02\/fav.png\",\"contentUrl\":\"https:\/\/alberguevallada.com\/wp-content\/uploads\/2023\/02\/fav.png\",\"width\":512,\"height\":512,\"caption\":\"Albergue Las Ermitas de Vallada\"},\"image\":{\"@id\":\"https:\/\/alberguevallada.com\/#\/schema\/logo\/image\/\"}},{\"@type\":\"Person\",\"@id\":\"https:\/\/alberguevallada.com\/#\/schema\/person\/d841eb843851c84263f92510160e3182\",\"name\":\"La fabrica del SEO\",\"image\":{\"@type\":\"ImageObject\",\"inLanguage\":\"en-GB\",\"@id\":\"https:\/\/alberguevallada.com\/#\/schema\/person\/image\/\",\"url\":\"https:\/\/secure.gravatar.com\/avatar\/21165bdc57993e4e5a4606acbd9c6175b9cc7a86d46e24e0fc3a3dd3f1184c4d?s=96&d=mm&r=g\",\"contentUrl\":\"https:\/\/secure.gravatar.com\/avatar\/21165bdc57993e4e5a4606acbd9c6175b9cc7a86d46e24e0fc3a3dd3f1184c4d?s=96&d=mm&r=g\",\"caption\":\"La fabrica del SEO\"}}]}<\/script>\n<!-- \/ Yoast SEO plugin. -->","yoast_head_json":{"title":"Where is the Enguera Mountains? - The Hermitages of Vallada","description":"Discover the exact location of the Sierra de Enguera, routes from Vallada, and tips for planning your excursion with the Las Ermitas Hostel.","robots":{"index":"index","follow":"follow","max-snippet":"max-snippet:-1","max-image-preview":"max-image-preview:large","max-video-preview":"max-video-preview:-1"},"canonical":"https:\/\/alberguevallada.com\/en\/news\/where-is-the-enguera-mountain-range\/","og_locale":"en_GB","og_type":"article","og_title":"\u00bfD\u00f3nde est\u00e1 la Sierra de Enguera? - Las Ermitas de Vallada","og_description":"Descubre la ubicaci\u00f3n exacta de la Sierra de Enguera, rutas desde Vallada y consejos para planificar tu excursi\u00f3n con el Albergue Las Ermitas.","og_url":"https:\/\/alberguevallada.com\/en\/news\/where-is-the-enguera-mountain-range\/","og_site_name":"Albergue Las Ermitas de Vallada","article_published_time":"2025-05-15T09:40:31+00:00","article_modified_time":"2025-05-15T09:53:14+00:00","og_image":[{"width":1820,"height":600,"url":"https:\/\/alberguevallada.com\/wp-content\/uploads\/2025\/05\/sierra-de-enguera.jpg","type":"image\/jpeg"}],"author":"La fabrica del SEO","twitter_card":"summary_large_image","twitter_misc":{"Written by":"La fabrica del SEO","Estimated reading time":"3 minutes"},"schema":{"@context":"https:\/\/schema.org","@graph":[{"@type":"Article","@id":"https:\/\/alberguevallada.com\/noticias\/donde-esta-la-sierra-de-enguera\/#article","isPartOf":{"@id":"https:\/\/alberguevallada.com\/noticias\/donde-esta-la-sierra-de-enguera\/"},"author":{"name":"La fabrica del SEO","@id":"https:\/\/alberguevallada.com\/#\/schema\/person\/d841eb843851c84263f92510160e3182"},"headline":"\u00bfD\u00f3nde est\u00e1 la Sierra de Enguera?","datePublished":"2025-05-15T09:40:31+00:00","dateModified":"2025-05-15T09:53:14+00:00","mainEntityOfPage":{"@id":"https:\/\/alberguevallada.com\/noticias\/donde-esta-la-sierra-de-enguera\/"},"wordCount":675,"publisher":{"@id":"https:\/\/alberguevallada.com\/#organization"},"image":{"@id":"https:\/\/alberguevallada.com\/noticias\/donde-esta-la-sierra-de-enguera\/#primaryimage"},"thumbnailUrl":"https:\/\/alberguevallada.com\/wp-content\/uploads\/2025\/05\/sierra-de-enguera.jpg","articleSection":["Blog"],"inLanguage":"en-GB"},{"@type":"WebPage","@id":"https:\/\/alberguevallada.com\/noticias\/donde-esta-la-sierra-de-enguera\/","url":"https:\/\/alberguevallada.com\/noticias\/donde-esta-la-sierra-de-enguera\/","name":"Where is the Enguera Mountains? - The Hermitages of Vallada","isPartOf":{"@id":"https:\/\/alberguevallada.com\/#website"},"primaryImageOfPage":{"@id":"https:\/\/alberguevallada.com\/noticias\/donde-esta-la-sierra-de-enguera\/#primaryimage"},"image":{"@id":"https:\/\/alberguevallada.com\/noticias\/donde-esta-la-sierra-de-enguera\/#primaryimage"},"thumbnailUrl":"https:\/\/alberguevallada.com\/wp-content\/uploads\/2025\/05\/sierra-de-enguera.jpg","datePublished":"2025-05-15T09:40:31+00:00","dateModified":"2025-05-15T09:53:14+00:00","description":"Discover the exact location of the Sierra de Enguera, routes from Vallada, and tips for planning your excursion with the Las Ermitas Hostel.","breadcrumb":{"@id":"https:\/\/alberguevallada.com\/noticias\/donde-esta-la-sierra-de-enguera\/#breadcrumb"},"inLanguage":"en-GB","potentialAction":[{"@type":"ReadAction","target":["https:\/\/alberguevallada.com\/noticias\/donde-esta-la-sierra-de-enguera\/"]}]},{"@type":"ImageObject","inLanguage":"en-GB","@id":"https:\/\/alberguevallada.com\/noticias\/donde-esta-la-sierra-de-enguera\/#primaryimage","url":"https:\/\/alberguevallada.com\/wp-content\/uploads\/2025\/05\/sierra-de-enguera.jpg","contentUrl":"https:\/\/alberguevallada.com\/wp-content\/uploads\/2025\/05\/sierra-de-enguera.jpg","width":1820,"height":600,"caption":"sierra de enguera"},{"@type":"BreadcrumbList","@id":"https:\/\/alberguevallada.com\/noticias\/donde-esta-la-sierra-de-enguera\/#breadcrumb","itemListElement":[{"@type":"ListItem","position":1,"name":"Portada","item":"https:\/\/alberguevallada.com\/"},{"@type":"ListItem","position":2,"name":"\u00bfD\u00f3nde est\u00e1 la Sierra de Enguera?"}]},{"@type":"WebSite","@id":"https:\/\/alberguevallada.com\/#website","url":"https:\/\/alberguevallada.com\/","name":"Las Ermitas de Vallada Hostel","description":"Nature, sport and good food","publisher":{"@id":"https:\/\/alberguevallada.com\/#organization"},"potentialAction":[{"@type":"SearchAction","target":{"@type":"EntryPoint","urlTemplate":"https:\/\/alberguevallada.com\/?s={search_term_string}"},"query-input":{"@type":"PropertyValueSpecification","valueRequired":true,"valueName":"search_term_string"}}],"inLanguage":"en-GB"},{"@type":"Organization","@id":"https:\/\/alberguevallada.com\/#organization","name":"Las Ermitas de Vallada Hostel","url":"https:\/\/alberguevallada.com\/","logo":{"@type":"ImageObject","inLanguage":"en-GB","@id":"https:\/\/alberguevallada.com\/#\/schema\/logo\/image\/","url":"https:\/\/alberguevallada.com\/wp-content\/uploads\/2023\/02\/fav.png","contentUrl":"https:\/\/alberguevallada.com\/wp-content\/uploads\/2023\/02\/fav.png","width":512,"height":512,"caption":"Albergue Las Ermitas de Vallada"},"image":{"@id":"https:\/\/alberguevallada.com\/#\/schema\/logo\/image\/"}},{"@type":"Person","@id":"https:\/\/alberguevallada.com\/#\/schema\/person\/d841eb843851c84263f92510160e3182","name":"The SEO factory","image":{"@type":"ImageObject","inLanguage":"en-GB","@id":"https:\/\/alberguevallada.com\/#\/schema\/person\/image\/","url":"https:\/\/secure.gravatar.com\/avatar\/21165bdc57993e4e5a4606acbd9c6175b9cc7a86d46e24e0fc3a3dd3f1184c4d?s=96&d=mm&r=g","contentUrl":"https:\/\/secure.gravatar.com\/avatar\/21165bdc57993e4e5a4606acbd9c6175b9cc7a86d46e24e0fc3a3dd3f1184c4d?s=96&d=mm&r=g","caption":"La fabrica del SEO"}}]}},"_links":{"self":[{"href":"https:\/\/alberguevallada.com\/en\/wp-json\/wp\/v2\/posts\/1763","targetHints":{"allow":["GET"]}}],"collection":[{"href":"https:\/\/alberguevallada.com\/en\/wp-json\/wp\/v2\/posts"}],"about":[{"href":"https:\/\/alberguevallada.com\/en\/wp-json\/wp\/v2\/types\/post"}],"author":[{"embeddable":true,"href":"https:\/\/alberguevallada.com\/en\/wp-json\/wp\/v2\/users\/2"}],"replies":[{"embeddable":true,"href":"https:\/\/alberguevallada.com\/en\/wp-json\/wp\/v2\/comments?post=1763"}],"version-history":[{"count":4,"href":"https:\/\/alberguevallada.com\/en\/wp-json\/wp\/v2\/posts\/1763\/revisions"}],"predecessor-version":[{"id":1768,"href":"https:\/\/alberguevallada.com\/en\/wp-json\/wp\/v2\/posts\/1763\/revisions\/1768"}],"wp:featuredmedia":[{"embeddable":true,"href":"https:\/\/alberguevallada.com\/en\/wp-json\/wp\/v2\/media\/1765"}],"wp:attachment":[{"href":"https:\/\/alberguevallada.com\/en\/wp-json\/wp\/v2\/media?parent=1763"}],"wp:term":[{"taxonomy":"category","embeddable":true,"href":"https:\/\/alberguevallada.com\/en\/wp-json\/wp\/v2\/categories?post=1763"},{"taxonomy":"post_tag","embeddable":true,"href":"https:\/\/alberguevallada.com\/en\/wp-json\/wp\/v2\/tags?post=1763"}],"curies":[{"name":"wp","href":"https:\/\/api.w.org\/{rel}","templated":true}]}}